{"id":432,"date":"2024-03-23T11:59:35","date_gmt":"2024-03-23T11:59:35","guid":{"rendered":"http:\/\/www.arti-fikir.com\/?p=432"},"modified":"2024-03-23T11:59:38","modified_gmt":"2024-03-23T11:59:38","slug":"2024-19-tl-cinsinden-odeme-zorunlulugu-bulunan-bazi-menkul-satis-sozlesmelerine-ait-bedeller-doviz-olarak-odenebilecek","status":"publish","type":"post","link":"http:\/\/www.arti-fikir.com\/index.php\/2024\/03\/23\/2024-19-tl-cinsinden-odeme-zorunlulugu-bulunan-bazi-menkul-satis-sozlesmelerine-ait-bedeller-doviz-olarak-odenebilecek\/","title":{"rendered":"2024-19 TL Cinsinden \u00d6deme Zorunlulu\u011fu Bulunan Baz\u0131 Menkul Sat\u0131\u015f S\u00f6zle\u015fmelerine Ait Bedeller D\u00f6viz Olarak \u00d6denebilecek"},"content":{"rendered":"\n<figure class=\"wp-block-table\"><table><tbody><tr><td><strong>01.03.2024<\/strong><\/td><\/tr><tr><td>&nbsp;<\/td><td>&nbsp;<\/td><td>&nbsp;<\/td><\/tr><tr><td><strong>SAYI&nbsp;&nbsp;&nbsp;&nbsp;&nbsp;&nbsp;&nbsp;&nbsp;&nbsp;&nbsp;&nbsp;&nbsp;&nbsp;<\/strong><\/td><td colspan=\"2\"><strong>2024-19<\/strong><\/td><\/tr><tr><td>&nbsp;<\/td><td colspan=\"2\">&nbsp;<\/td><\/tr><tr><td><strong>KONU&nbsp;&nbsp;&nbsp;&nbsp;&nbsp;&nbsp;&nbsp;<\/strong><\/td><td colspan=\"2\">Tl Cinsinden \u00d6deme Zorunlulu\u011fu Bulunan Baz\u0131 Menkul Sat\u0131\u015f S\u00f6zle\u015fmelerine Ait Bedeller D\u00f6viz Olarak \u00d6denebilecek<\/td><\/tr><tr><td><strong>DAYANAK<\/strong><\/td><td colspan=\"2\">28.02.2024 tarihli ve 32474 Say\u0131l\u0131 Resmi Gazete\u2019de yay\u0131mlanan \u201cT\u00fcrk Paras\u0131 K\u0131ymetini Koruma Hakk\u0131nda 32 Say\u0131l\u0131 Karara \u0130li\u015fkin (2024-32\/69) No.lu Tebli\u011f\u201d ile (2008-32\/34) No.lu Tebli\u011fin \u201cD\u00f6viz Cinsinden ve D\u00f6vize Endeksli S\u00f6zle\u015fmeler\u201d ba\u015fl\u0131kl\u0131 8\u2019inci maddesinin 9\u2019uncu f\u0131kras\u0131n\u0131n son c\u00fcmlesinde de\u011fi\u015fiklik yap\u0131lm\u0131\u015f ve ayn\u0131 f\u0131kraya yeni bentler eklenmi\u015ftir.<\/td><\/tr><tr><td><strong>\u00d6ZET<\/strong><\/td><td colspan=\"2\">T\u00fcrkiye\u2019de yerle\u015fik ki\u015filerin kendi aralar\u0131nda akdedecekleri menkul sat\u0131\u015f s\u00f6zle\u015fme bedellerine ve di\u011fer y\u00fck\u00fcml\u00fcl\u00fcklere ait \u00f6demelerin TL olarak \u00f6deme zorunlulu\u011fu uygulamas\u0131na baz\u0131 istisna ve esneklikler getirilmi\u015ftir<\/td><\/tr><\/tbody><\/table><\/figure>\n\n\n\n<p><em>Tebli\u011f h\u00fck\u00fcmlerinin bir k\u0131sm\u0131 21.04.2022 tarihinden itibaren, di\u011fer k\u0131sm\u0131 ise yay\u0131m\u0131&nbsp;<\/em>tarihinde ge\u00e7erli olmak \u00fczere y\u00fcr\u00fcrl\u00fc\u011fe girmi\u015ftir.<\/p>\n\n\n\n<p>Buna g\u00f6re; d\u00f6viz cinsinden d\u00fczenlenen ve&nbsp;<strong>bedellerinin TL olarak \u00f6denmesi zorunlulu\u011funa istisna getirilen, yani bedeli d\u00f6vizle \u00f6denebilecek<\/strong>&nbsp;<strong>menkul sat\u0131\u015f s\u00f6zle\u015fmeleri&nbsp;<\/strong>a\u015fa\u011f\u0131da belirtilmi\u015ftir.<\/p>\n\n\n\n<ol start=\"21\">\n<li><strong><em>a)<\/em><\/strong>&nbsp;<strong><em>4.2022 Tarihinden \u00d6nce Akdedilen Menkul Sat\u0131\u015f S\u00f6zle\u015fmeleri<\/em><\/strong><strong><em>;<\/em><\/strong><\/li>\n<\/ol>\n\n\n\n<ul>\n<li><strong><em>19.04.2022&nbsp;tarihinden \u00f6nce<\/em><\/strong><em>&nbsp;akdedilen menkul sat\u0131\u015f s\u00f6zle\u015fmelerinin ifas\u0131 kapsam\u0131nda bu tarih \u00f6ncesi dola\u015f\u0131ma girmi\u015f bulunan&nbsp;<\/em><strong><em>d\u00f6viz cinsinden k\u0131ymetli evraklar&nbsp;<\/em><\/strong><em>kapsam\u0131ndaki \u00f6deme y\u00fck\u00fcml\u00fcl\u00fckleri,<\/em><\/li>\n<\/ul>\n\n\n\n<ul>\n<li><strong><em>19.4.2022&nbsp;tarihinden \u00f6nce d\u00fczenlenmi\u015f faturalar&nbsp;<\/em><\/strong><em>kapsam\u0131ndaki \u00f6deme y\u00fck\u00fcml\u00fcl\u00fckleri,<\/em><\/li>\n<\/ul>\n\n\n\n<ul>\n<li><em>Borsa \u0130stanbul A.\u015e. K\u0131ymetli Madenler ve K\u0131ymetli Ta\u015flar Piyasas\u0131nda;<\/em><\/li>\n<\/ul>\n\n\n\n<ul>\n<li><em>&nbsp;<\/em><strong><em>D\u00f6viz cinsinden ger\u00e7ekle\u015ftirilen<\/em><\/strong><em>&nbsp;k\u0131ymetli maden ve k\u0131ymetli ta\u015f al\u0131m sat\u0131m i\u015flemleri<\/em><\/li>\n<\/ul>\n\n\n\n<ul>\n<li><strong><em>&nbsp;&nbsp;Bu i\u015flemlerin takas\u0131<\/em><\/strong><em>&nbsp;kapsam\u0131ndaki \u00f6deme y\u00fck\u00fcml\u00fcl\u00fckleri.<\/em><\/li>\n<\/ul>\n\n\n\n<ol start=\"28\">\n<li><strong><em>b)<\/em><\/strong>&nbsp;<strong><em>02.2024 Tarihinden \u0130tibaren Akdedilen Menkul Sat\u0131\u015f S\u00f6zle\u015fmeleri<\/em><\/strong><strong><em>;<\/em><\/strong><\/li>\n<\/ol>\n\n\n\n<ul>\n<li><strong><em>D\u0131\u015f Ticaret Sermaye \u015eirketi<\/em><\/strong><em>&nbsp;Stat\u00fcs\u00fcne \u0130li\u015fkin Tebli\u011f (\u0130hracat: 2004\/12) ve&nbsp;<\/em><strong><em>Sekt\u00f6rle&nbsp;D\u0131\u015f Ticaret \u015eirketleri<\/em><\/strong><em>&nbsp;Stat\u00fcs\u00fcne \u0130li\u015fkin Tebli\u011f (\u0130hracat: 2004\/4) kapsam\u0131nda ger\u00e7ekle\u015ftirilecek ihracatlar,&nbsp;<\/em><\/li>\n<\/ul>\n\n\n\n<ul>\n<li><strong><em>Arac\u0131l\u0131 ihracat s\u00f6zle\u015fmesine dayanarak<\/em><\/strong><em>&nbsp;D\u0131\u015f Ticaret Sermaye \u015eirketleri (DTS\u015e) veya&nbsp;Sekt\u00f6rel&nbsp;D\u0131\u015f Ticaret \u015eirketleri (SDT\u015e) \u00fczerinden yap\u0131lacak ihracatlar,&nbsp;<\/em><\/li>\n<\/ul>\n\n\n\n<ul>\n<li><em>5973 ve 5986 say\u0131l\u0131 Cumhurba\u015fkan\u0131 Kararlar\u0131 ile y\u00fcr\u00fcrl\u00fc\u011fe konulan&nbsp;<\/em><strong><em>\u0130hracat Konsorsiyumu<\/em><\/strong><em>&nbsp;ve&nbsp;<\/em><strong><em>E-\u0130hracat Konsorsiyumu<\/em><\/strong><em>&nbsp;stat\u00fcs\u00fcne sahip \u015firketler \u00fczerinden arac\u0131l\u0131 ihracat s\u00f6zle\u015fmesine dayanarak ger\u00e7ekle\u015ftirilecek ihracatlara y\u00f6nelik menkul sat\u0131\u015f s\u00f6zle\u015fmeleri kapsam\u0131ndaki \u00f6deme y\u00fck\u00fcml\u00fcl\u00fckleri,<\/em><\/li>\n<\/ul>\n\n\n\n<ul>\n<li><em>G\u00fcmr\u00fck beyannamesine tabi tutulan&nbsp;ihrakiye&nbsp;(havalimanlar\u0131nda veya limanlarda hava ya da deniz ta\u015f\u0131tlar\u0131na yak\u0131t teslimi)<\/em>&nbsp;<em>&nbsp;sat\u0131\u015f ve teslimi&nbsp;d\u00e2hil,&nbsp; G\u00fcmr\u00fck Kanunundaki transit ve g\u00fcmr\u00fck antrepo rejimleri ile ge\u00e7ici depolama ve serbest b\u00f6lge h\u00fck\u00fcmlerinin uyguland\u0131\u011f\u0131 mallar\u0131n teslimine ili\u015fkin akdedilen menkul sat\u0131\u015f s\u00f6zle\u015fmeleri kapsam\u0131ndaki \u00f6deme y\u00fck\u00fcml\u00fcl\u00fckleri,<\/em><\/li>\n<\/ul>\n\n\n\n<ul>\n<li><em>Serbest b\u00f6lgede faaliyet g\u00f6steren firmalar ile d\u0131\u015f ticaret i\u015flemleri kapsam\u0131nda yap\u0131lan menkul sat\u0131\u015f s\u00f6zle\u015fmesine konu mallar\u0131n teslimine ili\u015fkin \u00f6deme y\u00fck\u00fcml\u00fcl\u00fckleri.<\/em><\/li>\n<\/ul>\n\n\n\n<p>Bilgilerinize Sunulur.<\/p>\n\n\n\n<p>Sayg\u0131lar\u0131m\u0131zla.<\/p>\n","protected":false},"excerpt":{"rendered":"<p>01.03.2024 &nbsp; &nbsp; &nbsp; SAYI&nbsp;&nbsp;&nbsp;&nbsp;&nbsp;&nbsp;&nbsp;&nbsp;&nbsp;&nbsp;&nbsp;&nbsp;&nbsp; 2024-19 &nbsp; &nbsp; KONU&nbsp;&nbsp;&nbsp;&nbsp;&nbsp;&nbsp;&nbsp; Tl Cinsinden \u00d6deme Zorunlulu\u011fu Bulunan Baz\u0131 Menkul Sat\u0131\u015f S\u00f6zle\u015fmelerine Ait Bedeller D\u00f6viz Olarak \u00d6denebilecek DAYANAK 28.02.2024 tarihli ve 32474 Say\u0131l\u0131 Resmi Gazete\u2019de yay\u0131mlanan \u201cT\u00fcrk Paras\u0131 K\u0131ymetini Koruma Hakk\u0131nda 32 Say\u0131l\u0131 Karara \u0130li\u015fkin (2024-32\/69) No.lu Tebli\u011f\u201d ile (2008-32\/34) No.lu Tebli\u011fin \u201cD\u00f6viz Cinsinden ve D\u00f6vize Endeksli S\u00f6zle\u015fmeler\u201d ba\u015fl\u0131kl\u0131&#8230;<\/p>\n","protected":false},"author":1,"featured_media":0,"comment_status":"open","ping_status":"open","sticky":false,"template":"","format":"standard","meta":{"_kad_post_transparent":"","_kad_post_title":"","_kad_post_layout":"","_kad_post_sidebar_id":"","_kad_post_content_style":"","_kad_post_vertical_padding":"","_kad_post_feature":"","_kad_post_feature_position":"","_kad_post_header":false,"_kad_post_footer":false,"_kad_post_classname":"","footnotes":""},"categories":[1],"tags":[],"_links":{"self":[{"href":"http:\/\/www.arti-fikir.com\/index.php\/wp-json\/wp\/v2\/posts\/432"}],"collection":[{"href":"http:\/\/www.arti-fikir.com\/index.php\/wp-json\/wp\/v2\/posts"}],"about":[{"href":"http:\/\/www.arti-fikir.com\/index.php\/wp-json\/wp\/v2\/types\/post"}],"author":[{"embeddable":true,"href":"http:\/\/www.arti-fikir.com\/index.php\/wp-json\/wp\/v2\/users\/1"}],"replies":[{"embeddable":true,"href":"http:\/\/www.arti-fikir.com\/index.php\/wp-json\/wp\/v2\/comments?post=432"}],"version-history":[{"count":1,"href":"http:\/\/www.arti-fikir.com\/index.php\/wp-json\/wp\/v2\/posts\/432\/revisions"}],"predecessor-version":[{"id":433,"href":"http:\/\/www.arti-fikir.com\/index.php\/wp-json\/wp\/v2\/posts\/432\/revisions\/433"}],"wp:attachment":[{"href":"http:\/\/www.arti-fikir.com\/index.php\/wp-json\/wp\/v2\/media?parent=432"}],"wp:term":[{"taxonomy":"category","embeddable":true,"href":"http:\/\/www.arti-fikir.com\/index.php\/wp-json\/wp\/v2\/categories?post=432"},{"taxonomy":"post_tag","embeddable":true,"href":"http:\/\/www.arti-fikir.com\/index.php\/wp-json\/wp\/v2\/tags?post=432"}],"curies":[{"name":"wp","href":"https:\/\/api.w.org\/{rel}","templated":true}]}}